{"id":888,"date":"2024-12-02T21:30:36","date_gmt":"2024-12-02T19:30:36","guid":{"rendered":"https:\/\/acar.aero\/?p=888"},"modified":"2024-12-05T12:41:46","modified_gmt":"2024-12-05T10:41:46","slug":"acar-la-airlines-2024-romania-pe-harta-aviatiei-globale","status":"publish","type":"post","link":"https:\/\/acar.aero\/en\/acar-la-airlines-2024-romania-pe-harta-aviatiei-globale\/","title":{"rendered":"RACA at Airlines 2024: Romania on the Global Aviation Map"},"content":{"rendered":"<p>[et_pb_section fb_built=&#8221;1&#8243; admin_label=&#8221;section&#8221; _builder_version=&#8221;4.16&#8243; global_colors_info=&#8221;{}&#8221;][et_pb_row admin_label=&#8221;row&#8221; _builder_version=&#8221;4.16&#8243; background_size=&#8221;initial&#8221; background_position=&#8221;top_left&#8221; background_repeat=&#8221;repeat&#8221; global_colors_info=&#8221;{}&#8221;][et_pb_column type=&#8221;4_4&#8243; _builder_version=&#8221;4.16&#8243; custom_padding=&#8221;|||&#8221; global_colors_info=&#8221;{}&#8221; custom_padding__hover=&#8221;|||&#8221;][et_pb_text admin_label=&#8221;Text&#8221; _builder_version=&#8221;4.27.4&#8243; background_size=&#8221;initial&#8221; background_position=&#8221;top_left&#8221; background_repeat=&#8221;repeat&#8221; global_colors_info=&#8221;{}&#8221;]<\/p>\n<p>Asocia\u021bia Companiilor Aeriene Rom\u00e2ne\u0219ti (ACAR) a participat la <strong>Airlines 2024<\/strong>, unul dintre cele mai prestigioase evenimente din industria avia\u021biei, desf\u0103\u0219urat la The Queen Elizabeth II Conference Centre din Londra. Organizat de c\u0103tre <strong>Airlines UK<\/strong>, <strong>IATA<\/strong>, <strong>Board of Airline Representatives in the UK (BAR UK)<\/strong> \u0219i <strong>FlightGlobal<\/strong>, evenimentul din 25 noiembrie 2024 a reunit lideri ai industriei aviatice mondiale, reprezentan\u021bi guvernamentali \u0219i exper\u021bi \u00een inova\u021bie, pentru a dezbate viitorul avia\u021biei globale.<\/p>\n<p><img loading=\"lazy\" decoding=\"async\" class=\"aligncenter size-full wp-image-892\" src=\"https:\/\/acar.aero\/wp-content\/uploads\/2024\/12\/3.jpg\" alt=\"\" width=\"960\" height=\"644\" srcset=\"https:\/\/acar.aero\/wp-content\/uploads\/2024\/12\/3.jpg 960w, https:\/\/acar.aero\/wp-content\/uploads\/2024\/12\/3-480x322.jpg 480w\" sizes=\"(min-width: 0px) and (max-width: 480px) 480px, (min-width: 481px) 960px, 100vw\" \/><\/p>\n<p><strong>Un moment istoric pentru avia\u021bia rom\u00e2neasc\u0103<\/strong><\/p>\n<div id=\"attachment_891\" style=\"width: 773px\" class=\"wp-caption center\"><img loading=\"lazy\" decoding=\"async\" aria-describedby=\"caption-attachment-891\" class=\"aligncenter wp-image-891 size-full\" src=\"https:\/\/acar.aero\/wp-content\/uploads\/2024\/12\/5.jpg\" alt=\"Materiale informative ale ACAR, distribuite \u00een cadrul evenimentului\" width=\"1526\" height=\"2048\" srcset=\"https:\/\/acar.aero\/wp-content\/uploads\/2024\/12\/5.jpg 1526w, https:\/\/acar.aero\/wp-content\/uploads\/2024\/12\/5-1280x1718.jpg 1280w, https:\/\/acar.aero\/wp-content\/uploads\/2024\/12\/5-980x1315.jpg 980w, https:\/\/acar.aero\/wp-content\/uploads\/2024\/12\/5-480x644.jpg 480w\" sizes=\"(min-width: 0px) and (max-width: 480px) 480px, (min-width: 481px) and (max-width: 980px) 980px, (min-width: 981px) and (max-width: 1280px) 1280px, (min-width: 1281px) 1526px, 100vw\" \/><p id=\"caption-attachment-891\" class=\"wp-caption-text\">Materiale informative ale ACAR, distribuite \u00een cadrul evenimentului<\/p><\/div>\n<p>ACAR a fost singura asocia\u021bie aerian\u0103 din afara Regatului Unit invitat\u0103 s\u0103 participe la acest eveniment, un fapt ce reflect\u0103 recunoa\u0219terea interna\u021bional\u0103 a rolului nostru \u00een promovarea avia\u021biei rom\u00e2ne\u0219ti. \u00cen cadrul evenimentului, Marius Popescu, pre\u0219edintele ACAR, a subliniat importan\u021ba conectivit\u0103\u021bii Rom\u00e2niei pe pia\u021ba interna\u021bional\u0103, precum \u0219i nevoia de a adopta solu\u021bii sustenabile \u0219i inovatoare pentru a men\u021bine competitivitatea.<\/p>\n<p>&#8222;Prezen\u021ba la Airlines 2024 a fost o oportunitate bun\u0103 de a prezenta membri no\u0219tri, a reprezenta interesele operatorilor aerieni rom\u00e2ne\u0219ti, de a crea parteneriate strategice \u0219i de a \u00eenv\u0103\u021ba din cele mai bune practici ale liderilor globali&#8221;, a declarat Marius Popescu.<\/p>\n<p>Totodat\u0103, \u00een cadrul evenimentului au fost distribuite c\u0103tre invita\u021bi materiale informative ale ACAR, pentru a cre\u0219te gradul de vizibilitate ale demersurilor asocia\u021biei, pe pia\u021ba relevant\u0103.<\/p>\n<p>&nbsp;<\/p>\n<p><strong>Dialoguri strategice \u0219i oportunit\u0103\u021bi de colaborare<\/strong><\/p>\n<p>Evenimentul a fost marcat de \u00eent\u00e2lniri \u0219i discu\u021bii esen\u021biale cu lideri de opinie din industria avia\u021biei. <strong>Tim Alderslate<\/strong>, CEO Airlines UK, a eviden\u021biat deschiderea pentru colabor\u0103ri \u00eentre organiza\u021biile noastre, subliniind importan\u021ba sus\u021binerii conectivit\u0103\u021bii \u0219i sustenabilit\u0103\u021bii. \u00cen acela\u0219i timp, <strong>Shai Weiss<\/strong>, CEO Virgin Atlantic, a ar\u0103tat interes pentru colabor\u0103ri strategice cu operatorii aerieni rom\u00e2ne\u0219ti, mai ales \u00een contextul golului l\u0103sat de sistarea zborurilor operatorului na\u021bional c\u0103tre Heathrow.<\/p>\n<div id=\"attachment_890\" style=\"width: 1030px\" class=\"wp-caption center\"><img loading=\"lazy\" decoding=\"async\" aria-describedby=\"caption-attachment-890\" class=\"aligncenter wp-image-890 size-full\" src=\"https:\/\/acar.aero\/wp-content\/uploads\/2024\/12\/6.jpg\" alt=\"Marius Popescu, pre\u0219edintele ACAR, al\u0103turi de Tim Alderslate, CEO Airlines UK\" width=\"1828\" height=\"1836\" srcset=\"https:\/\/acar.aero\/wp-content\/uploads\/2024\/12\/6.jpg 1828w, https:\/\/acar.aero\/wp-content\/uploads\/2024\/12\/6-1280x1286.jpg 1280w, https:\/\/acar.aero\/wp-content\/uploads\/2024\/12\/6-980x984.jpg 980w, https:\/\/acar.aero\/wp-content\/uploads\/2024\/12\/6-480x482.jpg 480w\" sizes=\"(min-width: 0px) and (max-width: 480px) 480px, (min-width: 481px) and (max-width: 980px) 980px, (min-width: 981px) and (max-width: 1280px) 1280px, (min-width: 1281px) 1828px, 100vw\" \/><p id=\"caption-attachment-890\" class=\"wp-caption-text\">Marius Popescu, pre\u0219edintele ACAR, al\u0103turi de Tim Alderslate, CEO Airlines UK<\/p><\/div>\n<p>De asemenea, au fost stabilite leg\u0103turi valoroase cu lideri precum:<\/p>\n<ul>\n<li><strong>Ali Gayward<\/strong>, Country Manager easyjet;<\/li>\n<li><strong>Louise Haigh<\/strong>, Secretar de Stat pentru Transporturi;<\/li>\n<li><strong>Jim Fairlie<\/strong>, Ministrul Agriculturii \u0219i Conectivit\u0103\u021bii, Sco\u021bia;<\/li>\n<li><strong>Thomas Woldbye<\/strong>, CEO Heathrow Airport;<\/li>\n<li><strong>Stewart Wingate<\/strong>, CEO Gatwick Airport;<\/li>\n<li><strong>Simon McNamara<\/strong>, Director Heart Aerospace.<\/li>\n<\/ul>\n<p>Aceste dialoguri au deschis perspective pentru extinderea re\u021belelor de rute aeriene, crearea de parteneriate comerciale \u0219i implementarea unor solu\u021bii inovatoare \u00een sectorul avia\u021biei rom\u00e2ne\u0219ti.<\/p>\n<p><strong>Sustenabilitatea \u0219i inova\u021bia \u00een prim-plan<\/strong><\/p>\n<p>Printre temele centrale ale evenimentului s-au num\u0103rat sustenabilitatea \u0219i inova\u021bia, elemente esen\u021biale pentru viitorul avia\u021biei. Dezbaterea \u201eNet Zero Journey\u201d a explorat strategiile pentru reducerea emisiilor de carbon, iar prezent\u0103rile despre aeronavele electrice \u0219i hibride dezvoltate de <strong>Heart Aerospace<\/strong> au oferit o perspectiv\u0103 clar\u0103 asupra viitorului mobilit\u0103\u021bii aeriene.<\/p>\n<div id=\"attachment_893\" style=\"width: 693px\" class=\"wp-caption center\"><img loading=\"lazy\" decoding=\"async\" aria-describedby=\"caption-attachment-893\" class=\"aligncenter wp-image-893 size-full\" src=\"https:\/\/acar.aero\/wp-content\/uploads\/2024\/12\/2.jpg\" alt=\"Shai Weiss, CEO Virgin Atlantic, al\u0103turi de Marius Popescu, pre\u0219edintele ACAR\" width=\"1284\" height=\"1926\" srcset=\"https:\/\/acar.aero\/wp-content\/uploads\/2024\/12\/2.jpg 1284w, https:\/\/acar.aero\/wp-content\/uploads\/2024\/12\/2-1280x1920.jpg 1280w, https:\/\/acar.aero\/wp-content\/uploads\/2024\/12\/2-980x1470.jpg 980w, https:\/\/acar.aero\/wp-content\/uploads\/2024\/12\/2-480x720.jpg 480w\" sizes=\"(min-width: 0px) and (max-width: 480px) 480px, (min-width: 481px) and (max-width: 980px) 980px, (min-width: 981px) and (max-width: 1280px) 1280px, (min-width: 1281px) 1284px, 100vw\" \/><p id=\"caption-attachment-893\" class=\"wp-caption-text\">Shai Weiss, CEO Virgin Atlantic, al\u0103turi de Marius Popescu, pre\u0219edintele ACAR<\/p><\/div>\n<p>Prezen\u021ba reprezentan\u021bilor companiilor de top precum <strong>Airbus<\/strong>, <strong>Boeing<\/strong>, <strong>IAG Cargo<\/strong> \u0219i <strong>Google<\/strong> a asigurat un cadru ideal pentru schimbul de idei \u0219i identificarea solu\u021biilor practice pentru provoc\u0103rile industriei. Rom\u00e2nia are oportunitatea de a adopta aceste inova\u021bii, pun\u00e2nd bazele unei avia\u021bii sustenabile, care s\u0103 sprijine at\u00e2t conectivitatea, c\u00e2t \u0219i protejarea mediului.<\/p>\n<p><strong>Un pas important pentru viitorul avia\u021biei rom\u00e2ne\u0219ti<\/strong><\/p>\n<p>Participarea noastr\u0103 la Airlines 2024 a demonstrat angajamentul asocia\u021biei de a reprezenta Rom\u00e2nia pe scena global\u0103 a avia\u021biei. Evenimentul a fost o oportunitate de a \u00eenv\u0103\u021ba din experien\u021ba altor state, de a promova companiile aeriene rom\u00e2ne\u0219ti \u0219i de a crea noi oportunit\u0103\u021bi de dialog.<\/p>\n<p>Pentru Asocia\u021bia Companiilor Aeriene Rom\u00e2ne\u0219ti \u201dCarpathia\u201d, aceast\u0103 prezen\u021b\u0103 este doar \u00eenceputul. Ne propunem s\u0103 continue promovarea avia\u021biei rom\u00e2ne\u0219ti, s\u0103 sprijine adoptarea inova\u021biilor \u0219i s\u0103 contribuie la crearea unui mediu propice pentru dezvoltarea industriei aeriene din Rom\u00e2nia.<\/p>\n<p>[\/et_pb_text][\/et_pb_column][\/et_pb_row][\/et_pb_section]<\/p>\n","protected":false},"excerpt":{"rendered":"<p>Asocia\u021bia Companiilor Aeriene Rom\u00e2ne\u0219ti (ACAR) a participat la Airlines 2024, unul dintre cele mai prestigioase evenimente din industria avia\u021biei, desf\u0103\u0219urat la The Queen Elizabeth II Conference Centre din Londra. Organizat de c\u0103tre Airlines UK, IATA, Board of Airline Representatives in the UK (BAR UK) \u0219i FlightGlobal, evenimentul din 25 noiembrie 2024 a reunit lideri ai [&hellip;]<\/p>\n","protected":false},"author":2,"featured_media":889,"comment_status":"open","ping_status":"open","sticky":false,"template":"","format":"standard","meta":{"_et_pb_use_builder":"on","_et_pb_old_content":"Asocia\u021bia Companiilor Aeriene Rom\u00e2ne\u0219ti (ACAR) a participat la <strong>Airlines 2024<\/strong>, unul dintre cele mai prestigioase evenimente din industria avia\u021biei, desf\u0103\u0219urat la The Queen Elizabeth II Conference Centre din Londra. Organizat de c\u0103tre <strong>Airlines UK<\/strong>, <strong>IATA<\/strong>, <strong>Board of Airline Representatives in the UK (BAR UK)<\/strong> \u0219i <strong>FlightGlobal<\/strong>, evenimentul din 25 noiembrie 2024 a reunit lideri ai industriei aviatice mondiale, reprezentan\u021bi guvernamentali \u0219i exper\u021bi \u00een inova\u021bie, pentru a dezbate viitorul avia\u021biei globale.\r\n\r\n<img class=\"aligncenter size-full wp-image-892\" src=\"https:\/\/acar.aero\/wp-content\/uploads\/2024\/12\/3.jpg\" alt=\"\" width=\"960\" height=\"644\" \/>\r\n\r\n<strong>Un moment istoric pentru avia\u021bia rom\u00e2neasc\u0103<\/strong>\r\n\r\n<img class=\"alignleft wp-image-891 size-medium\" src=\"https:\/\/acar.aero\/wp-content\/uploads\/2024\/12\/5-224x300.jpg\" alt=\"\" width=\"224\" height=\"300\" \/>ACAR a fost singura asocia\u021bie aerian\u0103 din afara Regatului Unit invitat\u0103 s\u0103 participe la acest eveniment, un fapt ce reflect\u0103 recunoa\u0219terea interna\u021bional\u0103 a rolului nostru \u00een promovarea avia\u021biei rom\u00e2ne\u0219ti. \u00cen cadrul evenimentului, Marius Popescu, pre\u0219edintele ACAR, a subliniat importan\u021ba conectivit\u0103\u021bii Rom\u00e2niei pe pia\u021ba interna\u021bional\u0103, precum \u0219i nevoia de a adopta solu\u021bii sustenabile \u0219i inovatoare pentru a men\u021bine competitivitatea.\r\n\r\n\"Prezen\u021ba la Airlines 2024 a fost o oportunitate bun\u0103 de a prezenta membri no\u0219tri, a reprezenta interesele operatorilor aerieni rom\u00e2ne\u0219ti, de a crea parteneriate strategice \u0219i de a \u00eenv\u0103\u021ba din cele mai bune practici ale liderilor globali\", a declarat Marius Popescu.\r\n\r\nTotodat\u0103, \u00een cadrul evenimentului au fost distribuite c\u0103tre invita\u021bi materiale informative ale ACAR, pentru a cre\u0219te gradul de vizibilitate ale demersurilor asocia\u021biei, pe pia\u021ba relevant\u0103.\r\n\r\n\u00a0\r\n\r\n<strong>Dialoguri strategice \u0219i oportunit\u0103\u021bi de colaborare<\/strong>\r\n\r\nEvenimentul a fost marcat de \u00eent\u00e2lniri \u0219i discu\u021bii esen\u021biale cu lideri de opinie din industria avia\u021biei. <strong>Tim Alderslate<\/strong>, CEO Airlines UK, a eviden\u021biat deschiderea pentru colabor\u0103ri \u00eentre organiza\u021biile noastre, subliniind importan\u021ba sus\u021binerii conectivit\u0103\u021bii \u0219i sustenabilit\u0103\u021bii. \u00cen acela\u0219i timp, <strong>Shai Weiss<\/strong>, CEO Virgin Atlantic, a ar\u0103tat interes pentru colabor\u0103ri strategice cu operatorii aerieni rom\u00e2ne\u0219ti, mai ales \u00een contextul golului l\u0103sat de sistarea zborurilor operatorului na\u021bional c\u0103tre Heathrow.\r\n\r\n<img class=\"alignright size-medium wp-image-890\" src=\"https:\/\/acar.aero\/wp-content\/uploads\/2024\/12\/6-300x300.jpg\" alt=\"\" width=\"300\" height=\"300\" \/>De asemenea, au fost stabilite leg\u0103turi valoroase cu lideri precum:\r\n<ul>\r\n \t<li><strong>Ali Gayward<\/strong>, Country Manager easyjet;<\/li>\r\n \t<li><strong>Louise Haigh<\/strong>, Secretar de Stat pentru Transporturi;<\/li>\r\n \t<li><strong>Jim Fairlie<\/strong>, Ministrul Agriculturii \u0219i Conectivit\u0103\u021bii, Sco\u021bia;<\/li>\r\n \t<li><strong>Thomas Woldbye<\/strong>, CEO Heathrow Airport;<\/li>\r\n \t<li><strong>Stewart Wingate<\/strong>, CEO Gatwick Airport;<\/li>\r\n \t<li><strong>Simon McNamara<\/strong>, Director Heart Aerospace.<\/li>\r\n<\/ul>\r\nAceste dialoguri au deschis perspective pentru extinderea re\u021belelor de rute aeriene, crearea de parteneriate comerciale \u0219i implementarea unor solu\u021bii inovatoare \u00een sectorul avia\u021biei rom\u00e2ne\u0219ti.\r\n\r\n<strong><img class=\"alignleft wp-image-893 size-medium\" src=\"https:\/\/acar.aero\/wp-content\/uploads\/2024\/12\/2-200x300.jpg\" alt=\"\" width=\"200\" height=\"300\" \/>Sustenabilitatea \u0219i inova\u021bia \u00een prim-plan<\/strong>\r\n\r\nPrintre temele centrale ale evenimentului s-au num\u0103rat sustenabilitatea \u0219i inova\u021bia, elemente esen\u021biale pentru viitorul avia\u021biei. Dezbaterea \u201eNet Zero Journey\u201d a explorat strategiile pentru reducerea emisiilor de carbon, iar prezent\u0103rile despre aeronavele electrice \u0219i hibride dezvoltate de <strong>Heart Aerospace<\/strong> au oferit o perspectiv\u0103 clar\u0103 asupra viitorului mobilit\u0103\u021bii aeriene.\r\n\r\nPrezen\u021ba reprezentan\u021bilor companiilor de top precum <strong>Airbus<\/strong>, <strong>Boeing<\/strong>, <strong>IAG Cargo<\/strong> \u0219i <strong>Google<\/strong> a asigurat un cadru ideal pentru schimbul de idei \u0219i identificarea solu\u021biilor practice pentru provoc\u0103rile industriei. Rom\u00e2nia are oportunitatea de a adopta aceste inova\u021bii, pun\u00e2nd bazele unei avia\u021bii sustenabile, care s\u0103 sprijine at\u00e2t conectivitatea, c\u00e2t \u0219i protejarea mediului.\r\n\r\n<strong>Un pas important pentru viitorul avia\u021biei rom\u00e2ne\u0219ti<\/strong>\r\n\r\nParticiparea noastr\u0103 la Airlines 2024 a demonstrat angajamentul asocia\u021biei de a reprezenta Rom\u00e2nia pe scena global\u0103 a avia\u021biei. Evenimentul a fost o oportunitate de a \u00eenv\u0103\u021ba din experien\u021ba altor state, de a promova companiile aeriene rom\u00e2ne\u0219ti \u0219i de a crea noi oportunit\u0103\u021bi de dialog.\r\n\r\nPentru Asocia\u021bia Companiilor Aeriene Rom\u00e2ne\u0219ti \u201dCarpathia\u201d, aceast\u0103 prezen\u021b\u0103 este doar \u00eenceputul. Ne propunem s\u0103 continue promovarea avia\u021biei rom\u00e2ne\u0219ti, s\u0103 sprijine adoptarea inova\u021biilor \u0219i s\u0103 contribuie la crearea unui mediu propice pentru dezvoltarea industriei aeriene din Rom\u00e2nia.","_et_gb_content_width":"","footnotes":""},"categories":[9],"tags":[],"class_list":["post-888","post","type-post","status-publish","format-standard","has-post-thumbnail","hentry","category-stiri"],"_links":{"self":[{"href":"https:\/\/acar.aero\/en\/wp-json\/wp\/v2\/posts\/888","targetHints":{"allow":["GET"]}}],"collection":[{"href":"https:\/\/acar.aero\/en\/wp-json\/wp\/v2\/posts"}],"about":[{"href":"https:\/\/acar.aero\/en\/wp-json\/wp\/v2\/types\/post"}],"author":[{"embeddable":true,"href":"https:\/\/acar.aero\/en\/wp-json\/wp\/v2\/users\/2"}],"replies":[{"embeddable":true,"href":"https:\/\/acar.aero\/en\/wp-json\/wp\/v2\/comments?post=888"}],"version-history":[{"count":12,"href":"https:\/\/acar.aero\/en\/wp-json\/wp\/v2\/posts\/888\/revisions"}],"predecessor-version":[{"id":920,"href":"https:\/\/acar.aero\/en\/wp-json\/wp\/v2\/posts\/888\/revisions\/920"}],"wp:featuredmedia":[{"embeddable":true,"href":"https:\/\/acar.aero\/en\/wp-json\/wp\/v2\/media\/889"}],"wp:attachment":[{"href":"https:\/\/acar.aero\/en\/wp-json\/wp\/v2\/media?parent=888"}],"wp:term":[{"taxonomy":"category","embeddable":true,"href":"https:\/\/acar.aero\/en\/wp-json\/wp\/v2\/categories?post=888"},{"taxonomy":"post_tag","embeddable":true,"href":"https:\/\/acar.aero\/en\/wp-json\/wp\/v2\/tags?post=888"}],"curies":[{"name":"wp","href":"https:\/\/api.w.org\/{rel}","templated":true}]}}