{"id":1123,"date":"2025-05-07T05:18:04","date_gmt":"2025-05-07T02:18:04","guid":{"rendered":"https:\/\/acar.aero\/baza-militara-de-la-kogalniceanu-va-deveni-hub-strategic-acordurile-romania-sua-sunt-adaptate-permanent-surse-agerpres\/"},"modified":"2025-05-07T05:18:04","modified_gmt":"2025-05-07T02:18:04","slug":"baza-militara-de-la-kogalniceanu-va-deveni-hub-strategic-acordurile-romania-sua-sunt-adaptate-permanent-surse-agerpres","status":"publish","type":"post","link":"https:\/\/acar.aero\/en\/baza-militara-de-la-kogalniceanu-va-deveni-hub-strategic-acordurile-romania-sua-sunt-adaptate-permanent-surse-agerpres\/","title":{"rendered":"Baza militar\u0103 de la Kog\u0103lniceanu va deveni &#8216;hub strategic&#8217;; acordurile Rom\u00e2nia &#8211; SUA sunt adaptate permanent (surse) &#8211; Agerpres"},"content":{"rendered":"<p><a href=\"https:\/\/news.google.com\/rss\/articles\/CBMi4AFBVV95cUxQclhFZ2tvYzF5NWtRdTlUWWF5RGtVUVRTMi1JS2JIQTBzT1NtNmY5dG5sM0tXYWxJaUo0WG8ySTVVUFN0dWctcG5ZRzlPaXF6d3dqLXpiM3I1RzcyMWxGMjlkWWFlV24yZnhpdTJybDkwQS1NbUU5TlgybzNPWTNkX1hYRGZiRjllLXFPUmsxcVdJRlI5WDBPalk0Z255dFp6YVNVc0cxQng2WThqMUZjWC1rbmNJblJBTXVXdGVPeFJ2Tmtib0FYMEVGS1B2QU5rQjlMV1l3eno4R1FpdkEtSw?oc=5\" target=\"_blank\">Baza militar\u0103 de la Kog\u0103lniceanu va deveni &#8216;hub strategic&#8217;; acordurile Rom\u00e2nia &#8211; SUA sunt adaptate permanent (surse)<\/a>\u00a0\u00a0Agerpres<\/p>","protected":false},"excerpt":{"rendered":"<p>Baza militar\u0103 de la Kog\u0103lniceanu va deveni &#8216;hub strategic&#8217;; acordurile Rom\u00e2nia &#8211; SUA sunt adaptate permanent (surse)\u00a0\u00a0Agerpres<\/p>","protected":false},"author":2,"featured_media":0,"comment_status":"open","ping_status":"open","sticky":false,"template":"","format":"standard","meta":{"_et_pb_use_builder":"","_et_pb_old_content":"","_et_gb_content_width":"","footnotes":""},"categories":[7],"tags":[],"class_list":["post-1123","post","type-post","status-publish","format-standard","hentry","category-companii-aeriene"],"_links":{"self":[{"href":"https:\/\/acar.aero\/en\/wp-json\/wp\/v2\/posts\/1123","targetHints":{"allow":["GET"]}}],"collection":[{"href":"https:\/\/acar.aero\/en\/wp-json\/wp\/v2\/posts"}],"about":[{"href":"https:\/\/acar.aero\/en\/wp-json\/wp\/v2\/types\/post"}],"author":[{"embeddable":true,"href":"https:\/\/acar.aero\/en\/wp-json\/wp\/v2\/users\/2"}],"replies":[{"embeddable":true,"href":"https:\/\/acar.aero\/en\/wp-json\/wp\/v2\/comments?post=1123"}],"version-history":[{"count":0,"href":"https:\/\/acar.aero\/en\/wp-json\/wp\/v2\/posts\/1123\/revisions"}],"wp:attachment":[{"href":"https:\/\/acar.aero\/en\/wp-json\/wp\/v2\/media?parent=1123"}],"wp:term":[{"taxonomy":"category","embeddable":true,"href":"https:\/\/acar.aero\/en\/wp-json\/wp\/v2\/categories?post=1123"},{"taxonomy":"post_tag","embeddable":true,"href":"https:\/\/acar.aero\/en\/wp-json\/wp\/v2\/tags?post=1123"}],"curies":[{"name":"wp","href":"https:\/\/api.w.org\/{rel}","templated":true}]}}